{"id":12842,"date":"2021-05-17T14:35:24","date_gmt":"2021-05-17T14:35:24","guid":{"rendered":"https:\/\/www.premiersecurity.com.br\/blog\/?p=12842"},"modified":"2021-05-17T14:35:24","modified_gmt":"2021-05-17T14:35:24","slug":"seguro-auto-na-pandemia-vale-contratar","status":"publish","type":"post","link":"https:\/\/www.premiersecurity.com.br\/blog\/seguro-auto-na-pandemia-vale-contratar\/","title":{"rendered":"Seguro auto na pandemia: Vale contratar?"},"content":{"rendered":"<p><span style=\"font-weight: 400;\"><span style=\"vertical-align: inherit;\"><span style=\"vertical-align: inherit;\"><span style=\"vertical-align: inherit;\"><span style=\"vertical-align: inherit;\">Em tempos de pandemia, distanciamento social e bloqueio, muitas pessoas tentam economizar dinheiro e cortar despesas. <\/span><\/span><\/span><span style=\"vertical-align: inherit;\"><span style=\"vertical-align: inherit;\"><span style=\"vertical-align: inherit;\">Assim, em muitos casos, at\u00e9 mesmo o <\/span><\/span><\/span><\/span><\/span><b><span style=\"vertical-align: inherit;\"><span style=\"vertical-align: inherit;\"><span style=\"vertical-align: inherit;\"><span style=\"vertical-align: inherit;\">seguro auto <\/span><\/span><\/span><\/span><\/b><span style=\"font-weight: 400;\"><span style=\"vertical-align: inherit;\"><span style=\"vertical-align: inherit;\"><span style=\"vertical-align: inherit;\"><span style=\"vertical-align: inherit;\">\u00e9 cortado do or\u00e7amento, deixando o autom\u00f3vel sem prote\u00e7\u00e3o alguma.\u00a0<\/span><\/span><\/span><\/span><\/span><\/p>\n<p><span style=\"font-weight: 400;\"><span style=\"vertical-align: inherit;\"><span style=\"vertical-align: inherit;\"><span style=\"vertical-align: inherit;\"><span style=\"vertical-align: inherit;\">Mas ser\u00e1 que o <\/span><\/span><\/span><\/span><\/span><b><span style=\"vertical-align: inherit;\"><span style=\"vertical-align: inherit;\"><span style=\"vertical-align: inherit;\"><span style=\"vertical-align: inherit;\">seguro de carro <\/span><\/span><\/span><\/span><\/b><span style=\"font-weight: 400;\"><span style=\"vertical-align: inherit;\"><span style=\"vertical-align: inherit;\"><span style=\"vertical-align: inherit;\"><span style=\"vertical-align: inherit;\">\u00e9 algo que pode ser dispensado, mesmo neste per\u00edodo de crise? <\/span><\/span><\/span><span style=\"vertical-align: inherit;\"><span style=\"vertical-align: inherit;\"><span style=\"vertical-align: inherit;\">Vamos mostrar neste artigo que vale a pena contratar ou manter o seguro do carro, e ainda h\u00e1 como economizar na contrata\u00e7\u00e3o do seguro para proteger seu patrim\u00f4nio veicular. <\/span><\/span><\/span><span style=\"vertical-align: inherit;\"><span style=\"vertical-align: inherit;\"><span style=\"vertical-align: inherit;\">Saiba mais!\u00a0<\/span><\/span><\/span><\/span><\/span><\/p>\n<h2><span style=\"font-weight: 400;\"><span style=\"vertical-align: inherit;\"><span style=\"vertical-align: inherit;\"><span style=\"vertical-align: inherit;\"><span style=\"vertical-align: inherit;\">Uso do carro na pandemia: como est\u00e1 a situa\u00e7\u00e3o?<\/span><\/span><\/span><\/span><\/span><\/h2>\n<p><span style=\"font-weight: 400;\"><span style=\"vertical-align: inherit;\"><span style=\"vertical-align: inherit;\"><span style=\"vertical-align: inherit;\"><span style=\"vertical-align: inherit;\">A atual necessidade de distanciamento social fez com que muitas empresas deixassem seus funcion\u00e1rios trabalhando em home office. <\/span><\/span><\/span><span style=\"vertical-align: inherit;\"><span style=\"vertical-align: inherit;\"><span style=\"vertical-align: inherit;\">Por consequ\u00eancia, os autom\u00f3veis est\u00e3o sendo cada vez menos utilizados &#8211; muitas pessoas at\u00e9 usarmos para vender seus ve\u00edculos.\u00a0<\/span><\/span><\/span><\/span><\/span><\/p>\n<p><span style=\"font-weight: 400;\"><span style=\"vertical-align: inherit;\"><span style=\"vertical-align: inherit;\"><span style=\"vertical-align: inherit;\"><span style=\"vertical-align: inherit;\">Esse cen\u00e1rio lhe parece familiar? <\/span><\/span><\/span><span style=\"vertical-align: inherit;\"><span style=\"vertical-align: inherit;\"><span style=\"vertical-align: inherit;\">Se voc\u00ea tamb\u00e9m est\u00e1 nesta situa\u00e7\u00e3o, pode ter se questionado se ainda \u00e9 necess\u00e1rio contratar o seguro autom\u00e1tico completo. <\/span><\/span><\/span><span style=\"vertical-align: inherit;\"><span style=\"vertical-align: inherit;\"><span style=\"vertical-align: inherit;\">Ou, ainda, pode avaliar a <\/span><\/span><\/span><\/span><\/span><a href=\"https:\/\/www.premiersecurity.com.br\/blog\/importancia-da-manutencao-do-carro-ao-obter-o-seguro-auto\/\"><span style=\"font-weight: 400;\"><span style=\"vertical-align: inherit;\"><span style=\"vertical-align: inherit;\"><span style=\"vertical-align: inherit;\"><span style=\"vertical-align: inherit;\">manuten\u00e7\u00e3o<\/span><\/span><\/span><\/span><\/span><\/a><span style=\"font-weight: 400;\"><span style=\"vertical-align: inherit;\"><span style=\"vertical-align: inherit;\"><span style=\"vertical-align: inherit;\"><span style=\"vertical-align: inherit;\"> do pagamento do seguro autom\u00f3vel, ainda que seja mais barato, como o <\/span><\/span><\/span><\/span><\/span><b><span style=\"vertical-align: inherit;\"><span style=\"vertical-align: inherit;\"><span style=\"vertical-align: inherit;\"><span style=\"vertical-align: inherit;\">seguro com cobertura roubo e furto <\/span><\/span><\/span><\/span><\/b><span style=\"font-weight: 400;\"><span style=\"vertical-align: inherit;\"><span style=\"vertical-align: inherit;\"><span style=\"vertical-align: inherit;\"><span style=\"vertical-align: inherit;\">.<\/span><\/span><\/span><\/span><\/span><\/p>\n<p><span style=\"font-weight: 400;\"><span style=\"vertical-align: inherit;\"><span style=\"vertical-align: inherit;\"><span style=\"vertical-align: inherit;\"><span style=\"vertical-align: inherit;\">De fato, essas perguntas s\u00e3o comuns no caso de quem deixa os autom\u00f3veis na garagem durante quase todo o ano de 2020. Mas, ent\u00e3o, surge outro ponto importante: a pandemia n\u00e3o vai durar para sempre &#8211; assim esperamos.<\/span><\/span><\/span><\/span><\/span><\/p>\n<p><span style=\"font-weight: 400;\"><span style=\"vertical-align: inherit;\"><span style=\"vertical-align: inherit;\"><span style=\"vertical-align: inherit;\"><span style=\"vertical-align: inherit;\">Fa\u00e7a o mesmo modo, com as altas taxas de desemprego, os ve\u00edculos est\u00e3o fazendo ferramentas de trabalho cada vez mais importantes.<\/span><\/span><\/span><\/span><\/span><\/p>\n<h2><span style=\"font-weight: 400;\"><span style=\"vertical-align: inherit;\"><span style=\"vertical-align: inherit;\"><span style=\"vertical-align: inherit;\"><span style=\"vertical-align: inherit;\">Carro: um recurso de trabalho que precisa de seguro autom\u00e1tico!\u00a0<\/span><\/span><\/span><\/span><\/span><\/h2>\n<p><span style=\"font-weight: 400;\"><span style=\"vertical-align: inherit;\"><span style=\"vertical-align: inherit;\"><span style=\"vertical-align: inherit;\"><span style=\"vertical-align: inherit;\">Talvez n\u00e3o seja o seu caso, mas certamente muitas pessoas se identificam com o que vamos explicar. <\/span><\/span><\/span><span style=\"vertical-align: inherit;\"><span style=\"vertical-align: inherit;\"><span style=\"vertical-align: inherit;\">Os ve\u00edculos atualmente, desempenham um papel importante na economia familiar.<\/span><\/span><\/span><\/span><\/span><\/p>\n<p><span style=\"font-weight: 400;\"><span style=\"vertical-align: inherit;\"><span style=\"vertical-align: inherit;\"><span style=\"vertical-align: inherit;\"><span style=\"vertical-align: inherit;\">Porque s\u00e3o os carros que ajudam os chefes de fam\u00edlia a gerarem renda, seja como <\/span><\/span><\/span><\/span><\/span><a href=\"https:\/\/www.premiersecurity.com.br\/seguro-uber\/\"><span style=\"font-weight: 400;\"><span style=\"vertical-align: inherit;\"><span style=\"vertical-align: inherit;\"><span style=\"vertical-align: inherit;\"><span style=\"vertical-align: inherit;\">motoristas de aplicativo<\/span><\/span><\/span><\/span><\/span><\/a><span style=\"font-weight: 400;\"><span style=\"vertical-align: inherit;\"><span style=\"vertical-align: inherit;\"><span style=\"vertical-align: inherit;\"><span style=\"vertical-align: inherit;\"> ou como fornecedores de servi\u00e7os de frete &#8211; em atendimento \u00e0s demandas de entrega das lojas online.\u00a0<\/span><\/span><\/span><\/span><\/span><\/p>\n<p><span style=\"font-weight: 400;\"><span style=\"vertical-align: inherit;\"><span style=\"vertical-align: inherit;\"><span style=\"vertical-align: inherit;\"><span style=\"vertical-align: inherit;\">Sendo assim, \u00e9 fundamental que os ve\u00edculos contem com a <\/span><\/span><\/span><\/span><\/span><b><span style=\"vertical-align: inherit;\"><span style=\"vertical-align: inherit;\"><span style=\"vertical-align: inherit;\"><span style=\"vertical-align: inherit;\">prote\u00e7\u00e3o do seguro auto <\/span><\/span><\/span><\/span><\/b><span style=\"font-weight: 400;\"><span style=\"vertical-align: inherit;\"><span style=\"vertical-align: inherit;\"><span style=\"vertical-align: inherit;\"><span style=\"vertical-align: inherit;\">, que garante a indeniza\u00e7\u00e3o em caso de roubo, furto e outros problemas.\u00a0<\/span><\/span><\/span><\/span><\/span><\/p>\n<p><a href=\"https:\/\/www.premiersecurity.com.br\/contato\/\"><b><span style=\"vertical-align: inherit;\"><span style=\"vertical-align: inherit;\"><span style=\"vertical-align: inherit;\"><span style=\"vertical-align: inherit;\">&gt;&gt;&gt;&gt; Contrate o seguro auto<\/span><\/span><\/span><\/span><\/b><\/a><\/p>\n<h3><span style=\"font-weight: 400;\"><span style=\"vertical-align: inherit;\"><span style=\"vertical-align: inherit;\"><span style=\"vertical-align: inherit;\"><span style=\"vertical-align: inherit;\">Seguro auto: como contratar mais barato?<\/span><\/span><\/span><\/span><\/span><\/h3>\n<p><span style=\"font-weight: 400;\"><span style=\"vertical-align: inherit;\"><span style=\"vertical-align: inherit;\"><span style=\"vertical-align: inherit;\"><span style=\"vertical-align: inherit;\">Nem todas as pessoas conseguidas contratar o seguro com cobertura completa, o chamado seguro auto compreensivo. <\/span><\/span><\/span><span style=\"vertical-align: inherit;\"><span style=\"vertical-align: inherit;\"><span style=\"vertical-align: inherit;\">O valor desse tipo de cobertura pode ser alto, dependendo de v\u00e1rios fatores: modelo do carro, hist\u00f3rico de sinistros, etc.<\/span><\/span><\/span><\/span><\/span><\/p>\n<p><span style=\"font-weight: 400;\"><span style=\"vertical-align: inherit;\"><span style=\"vertical-align: inherit;\"><span style=\"vertical-align: inherit;\"><span style=\"vertical-align: inherit;\">Mas se voc\u00ea quer proteger seu ve\u00edculo com uma cobertura de custo mais baixo, temos uma boa not\u00edcia! <\/span><\/span><\/span><span style=\"vertical-align: inherit;\"><span style=\"vertical-align: inherit;\"><span style=\"vertical-align: inherit;\">Voc\u00ea pode definir pelo seguro de <\/span><\/span><\/span><\/span><\/span><b><span style=\"vertical-align: inherit;\"><span style=\"vertical-align: inherit;\"><span style=\"vertical-align: inherit;\"><span style=\"vertical-align: inherit;\">Suhai Seguros <\/span><\/span><\/span><\/span><\/b><span style=\"font-weight: 400;\"><span style=\"vertical-align: inherit;\"><span style=\"vertical-align: inherit;\"><span style=\"vertical-align: inherit;\"><span style=\"vertical-align: inherit;\">ou da <\/span><\/span><\/span><\/span><\/span><a href=\"https:\/\/www.premiersecurity.com.br\/ituran-seguros\/\"><b><span style=\"vertical-align: inherit;\"><span style=\"vertical-align: inherit;\"><span style=\"vertical-align: inherit;\"><span style=\"vertical-align: inherit;\">Ituran<\/span><\/span><\/span><\/span><\/b><\/a><span style=\"font-weight: 400;\"><span style=\"vertical-align: inherit;\"><span style=\"vertical-align: inherit;\"><span style=\"vertical-align: inherit;\"><span style=\"vertical-align: inherit;\"> , que inclui uma instala\u00e7\u00e3o de um rastreador veicular.\u00a0<\/span><\/span><\/span><\/span><\/span><\/p>\n<p><span style=\"font-weight: 400;\"><span style=\"vertical-align: inherit;\"><span style=\"vertical-align: inherit;\"><span style=\"vertical-align: inherit;\"><span style=\"vertical-align: inherit;\">Com ambas as solu\u00e7\u00f5es voc\u00ea pode economizar at\u00e9 80% em rela\u00e7\u00e3o ao seguro completo, tendo ainda assist\u00eancia 24 horas, troca de pneu, servi\u00e7o de guincho, franquia reduzida e nenhuma burocracia na contrata\u00e7\u00e3o.\u00a0<\/span><\/span><\/span><\/span><\/span><\/p>\n<p><a href=\"https:\/\/api.whatsapp.com\/send?1=pt_BR&amp;phone=5511948380000\"><b><i><span style=\"vertical-align: inherit;\"><span style=\"vertical-align: inherit;\"><span style=\"vertical-align: inherit;\"><span style=\"vertical-align: inherit;\">Entre em contato com a Premier<\/span><\/span><\/span><\/span><\/i><\/b><\/a><i><span style=\"font-weight: 400;\"><span style=\"vertical-align: inherit;\"><span style=\"vertical-align: inherit;\"><span style=\"vertical-align: inherit;\"><span style=\"vertical-align: inherit;\"> , parceira Suhai e Ituran, e saiba como contratar o seguro do seu carro em 2021!<\/span><\/span><\/span><\/span><\/span><\/i><\/p>\n","protected":false},"excerpt":{"rendered":"<p>Em tempos de pandemia, distanciamento social e bloqueio, muitas pessoas tentam economizar dinheiro e cortar despesas. Assim, em muitos casos, at\u00e9 mesmo o seguro auto \u00e9 cortado do or\u00e7amento, deixando o autom\u00f3vel sem prote\u00e7\u00e3o alguma.\u00a0 Mas ser\u00e1 que o seguro de carro \u00e9 algo que pode ser dispensado, mesmo neste per\u00edodo de crise? Vamos mostrar [&hellip;]<\/p>\n","protected":false},"author":4,"featured_media":12843,"comment_status":"open","ping_status":"open","sticky":false,"template":"","format":"standard","meta":[],"categories":[56],"tags":[107,168,61,167,62],"yoast_head":"<!-- This site is optimized with the Yoast SEO plugin v14.4.1 - https:\/\/yoast.com\/wordpress\/plugins\/seo\/ -->\n<title>Seguro auto na pandemia: Vale contratar? - Premier Security - Blog<\/title>\n<meta name=\"description\" content=\"Veja que vale a pena contratar ou manter o seguro auto, e ainda h\u00e1 como economizar na contrata\u00e7\u00e3o do seguro para proteger seu patrim\u00f4nio veicular.\" \/>\n<meta name=\"robots\" content=\"index, follow\" \/>\n<meta name=\"googlebot\" content=\"index, follow, max-snippet:-1, max-image-preview:large, max-video-preview:-1\" \/>\n<meta name=\"bingbot\" content=\"index, follow, max-snippet:-1, max-image-preview:large, max-video-preview:-1\" \/>\n<link rel=\"canonical\" href=\"https:\/\/www.premiersecurity.com.br\/blog\/seguro-auto-na-pandemia-vale-contratar\/\" \/>\n<meta property=\"og:locale\" content=\"en_US\" \/>\n<meta property=\"og:type\" content=\"article\" \/>\n<meta property=\"og:title\" content=\"Seguro auto na pandemia: Vale contratar? - Premier Security - Blog\" \/>\n<meta property=\"og:description\" content=\"Veja que vale a pena contratar ou manter o seguro auto, e ainda h\u00e1 como economizar na contrata\u00e7\u00e3o do seguro para proteger seu patrim\u00f4nio veicular.\" \/>\n<meta property=\"og:url\" content=\"https:\/\/www.premiersecurity.com.br\/blog\/seguro-auto-na-pandemia-vale-contratar\/\" \/>\n<meta property=\"og:site_name\" content=\"Premier Security - Blog\" \/>\n<meta property=\"article:published_time\" content=\"2021-05-17T14:35:24+00:00\" \/>\n<meta property=\"og:image\" content=\"https:\/\/www.premiersecurity.com.br\/blog\/wp-content\/uploads\/2021\/04\/Business-Car-Insurance-1024x576-1.jpg\" \/>\n\t<meta property=\"og:image:width\" content=\"1024\" \/>\n\t<meta property=\"og:image:height\" content=\"576\" \/>\n<meta name=\"twitter:card\" content=\"summary_large_image\" \/>\n<script type=\"application\/ld+json\" class=\"yoast-schema-graph\">{\"@context\":\"https:\/\/schema.org\",\"@graph\":[{\"@type\":\"WebSite\",\"@id\":\"https:\/\/www.premiersecurity.com.br\/blog\/#website\",\"url\":\"https:\/\/www.premiersecurity.com.br\/blog\/\",\"name\":\"Premier Security - Blog\",\"description\":\"Conte\\u00fados para voc\\u00ea\",\"potentialAction\":[{\"@type\":\"SearchAction\",\"target\":\"https:\/\/www.premiersecurity.com.br\/blog\/?s={search_term_string}\",\"query-input\":\"required name=search_term_string\"}],\"inLanguage\":\"en-US\"},{\"@type\":\"ImageObject\",\"@id\":\"https:\/\/www.premiersecurity.com.br\/blog\/seguro-auto-na-pandemia-vale-contratar\/#primaryimage\",\"inLanguage\":\"en-US\",\"url\":\"https:\/\/www.premiersecurity.com.br\/blog\/wp-content\/uploads\/2021\/04\/Business-Car-Insurance-1024x576-1.jpg\",\"width\":1024,\"height\":576,\"caption\":\"Seguro auto na pandemia\"},{\"@type\":\"WebPage\",\"@id\":\"https:\/\/www.premiersecurity.com.br\/blog\/seguro-auto-na-pandemia-vale-contratar\/#webpage\",\"url\":\"https:\/\/www.premiersecurity.com.br\/blog\/seguro-auto-na-pandemia-vale-contratar\/\",\"name\":\"Seguro auto na pandemia: Vale contratar? - Premier Security - Blog\",\"isPartOf\":{\"@id\":\"https:\/\/www.premiersecurity.com.br\/blog\/#website\"},\"primaryImageOfPage\":{\"@id\":\"https:\/\/www.premiersecurity.com.br\/blog\/seguro-auto-na-pandemia-vale-contratar\/#primaryimage\"},\"datePublished\":\"2021-05-17T14:35:24+00:00\",\"dateModified\":\"2021-05-17T14:35:24+00:00\",\"author\":{\"@id\":\"https:\/\/www.premiersecurity.com.br\/blog\/#\/schema\/person\/917f573588c0ac7413fde5c543a1eec5\"},\"description\":\"Veja que vale a pena contratar ou manter o seguro auto, e ainda h\\u00e1 como economizar na contrata\\u00e7\\u00e3o do seguro para proteger seu patrim\\u00f4nio veicular.\",\"inLanguage\":\"en-US\",\"potentialAction\":[{\"@type\":\"ReadAction\",\"target\":[\"https:\/\/www.premiersecurity.com.br\/blog\/seguro-auto-na-pandemia-vale-contratar\/\"]}]},{\"@type\":[\"Person\"],\"@id\":\"https:\/\/www.premiersecurity.com.br\/blog\/#\/schema\/person\/917f573588c0ac7413fde5c543a1eec5\",\"name\":\"Renata Branco\",\"image\":{\"@type\":\"ImageObject\",\"@id\":\"https:\/\/www.premiersecurity.com.br\/blog\/#personlogo\",\"inLanguage\":\"en-US\",\"url\":\"https:\/\/secure.gravatar.com\/avatar\/223781429d29939bc28448fd62e5f23f?s=96&d=mm&r=g\",\"caption\":\"Renata Branco\"}}]}<\/script>\n<!-- \/ Yoast SEO plugin. -->","_links":{"self":[{"href":"https:\/\/www.premiersecurity.com.br\/blog\/wp-json\/wp\/v2\/posts\/12842"}],"collection":[{"href":"https:\/\/www.premiersecurity.com.br\/blog\/wp-json\/wp\/v2\/posts"}],"about":[{"href":"https:\/\/www.premiersecurity.com.br\/blog\/wp-json\/wp\/v2\/types\/post"}],"author":[{"embeddable":true,"href":"https:\/\/www.premiersecurity.com.br\/blog\/wp-json\/wp\/v2\/users\/4"}],"replies":[{"embeddable":true,"href":"https:\/\/www.premiersecurity.com.br\/blog\/wp-json\/wp\/v2\/comments?post=12842"}],"version-history":[{"count":2,"href":"https:\/\/www.premiersecurity.com.br\/blog\/wp-json\/wp\/v2\/posts\/12842\/revisions"}],"predecessor-version":[{"id":12845,"href":"https:\/\/www.premiersecurity.com.br\/blog\/wp-json\/wp\/v2\/posts\/12842\/revisions\/12845"}],"wp:featuredmedia":[{"embeddable":true,"href":"https:\/\/www.premiersecurity.com.br\/blog\/wp-json\/wp\/v2\/media\/12843"}],"wp:attachment":[{"href":"https:\/\/www.premiersecurity.com.br\/blog\/wp-json\/wp\/v2\/media?parent=12842"}],"wp:term":[{"taxonomy":"category","embeddable":true,"href":"https:\/\/www.premiersecurity.com.br\/blog\/wp-json\/wp\/v2\/categories?post=12842"},{"taxonomy":"post_tag","embeddable":true,"href":"https:\/\/www.premiersecurity.com.br\/blog\/wp-json\/wp\/v2\/tags?post=12842"}],"curies":[{"name":"wp","href":"https:\/\/api.w.org\/{rel}","templated":true}]}}